[{"@context":"https:\/\/schema.org\/","@type":"Article","@id":"https:\/\/www.oskarimax.cz\/jak-barvy-v-interieru-pusobi-na-nasi-psychiku\/#Article","mainEntityOfPage":"https:\/\/www.oskarimax.cz\/jak-barvy-v-interieru-pusobi-na-nasi-psychiku\/","headline":"Jak barvy v interi\u00e9ru p\u016fsob\u00ed na na\u0161i psychiku","name":"Jak barvy v interi\u00e9ru p\u016fsob\u00ed na na\u0161i psychiku","description":"Vn\u00edm\u00e1n\u00ed barev je velmi individu\u00e1ln\u00ed. Ka\u017ed\u00fd z n\u00e1s to m\u00e1 trochu jinak, ale existuj\u00ed obecn\u00e9 vlastnosti, kter\u00e9 maj\u00ed a pocity, kter\u00e9 vyvol\u00e1vaj\u00ed. N\u011bkter\u00e9 budou p\u0159ece jen pro v\u00e1\u0161 domov lep\u0161\u00ed ne\u017e jin\u00e9. Nespol\u00e9hejte proto \u010dist\u011b na to, \u017ee se v\u00e1m konkr\u00e9tn\u00ed odst\u00edn l\u00edb\u00ed, ale pod\u00edvejte se tak\u00e9 na to, co m\u016f\u017ee ud\u011blat s va\u0161\u00ed psychikou&#46;&#46;&#46;","datePublished":"2020-04-11","dateModified":"2023-05-03","author":{"@type":"Person","@id":"https:\/\/www.oskarimax.cz\/author\/#Person","name":"","url":"https:\/\/www.oskarimax.cz\/author\/","identifier":1,"image":{"@type":"ImageObject","@id":"https:\/\/secure.gravatar.com\/avatar\/4e6a74466e4227c12d5306875d08720cdfce3572213740db6f4a2e5e46e710ff?s=96&d=mm&r=g","url":"https:\/\/secure.gravatar.com\/avatar\/4e6a74466e4227c12d5306875d08720cdfce3572213740db6f4a2e5e46e710ff?s=96&d=mm&r=g","height":96,"width":96}},"publisher":{"@type":"Organization","name":"oskarimax.cz","logo":{"@type":"ImageObject","@id":"\/logo.png","url":"\/logo.png","width":600,"height":60}},"image":{"@type":"ImageObject","@id":"https:\/\/www.oskarimax.cz\/wp-content\/uploads\/%C4%8Cerven%C3%BD%20ob%C3%BDvac%C3%AD%20pokoj.jpg","url":"https:\/\/www.oskarimax.cz\/wp-content\/uploads\/%C4%8Cerven%C3%BD%20ob%C3%BDvac%C3%AD%20pokoj.jpg","height":0,"width":0},"url":"https:\/\/www.oskarimax.cz\/jak-barvy-v-interieru-pusobi-na-nasi-psychiku\/","video":{"@context":"http:\/\/schema.org\/","@type":"VideoObject","@id":"https:\/\/www.youtube.com\/watch?v=FKPDSiYnIR8#VideoObject","contentUrl":"https:\/\/www.youtube.com\/watch?v=FKPDSiYnIR8","name":"Jak spr\u00e1vn\u011b pou\u017e\u00edt barvy v interi\u00e9ru s pomoc\u00ed feng shui","description":"Feng shui je \u010d\u00ednsk\u00e9 u\u010den\u00ed jeho\u017e hlavn\u00edm posl\u00e1n\u00edm je harmonizace. K tomu, abychom se doma c\u00edtili dob\u0159e, je zapot\u0159eb\u00ed v\u0161e sladit nejen esteticky, ale i barevn\u011b. O tom, jak na n\u00e1s p\u016fsob\u00ed barvy v interi\u00e9ru se bav\u00edme s u\u010ditelem tohoto starod\u00e1vn\u00e9ho u\u010den\u00ed architektem Otakarem Chocholou.\nDal\u0161\u00ed videa o bydlen\u00ed najdete na: https:\/\/www.homeincube.cz\/videa\/tipy-pro-bydleni\/\nDal\u0161\u00ed p\u0159\u00edsp\u011bvky o bydlen\u00ed najdete i na: https:\/\/www.homeincube.cz\/\nSledujte n\u00e1s i na FB: https:\/\/www.facebook.com\/HOMEINCUBE\/?ref=aymt_homepage_panel","thumbnailUrl":["https:\/\/i.ytimg.com\/vi\/FKPDSiYnIR8\/default.jpg","https:\/\/i.ytimg.com\/vi\/FKPDSiYnIR8\/mqdefault.jpg","https:\/\/i.ytimg.com\/vi\/FKPDSiYnIR8\/hqdefault.jpg","https:\/\/i.ytimg.com\/vi\/FKPDSiYnIR8\/sddefault.jpg","https:\/\/i.ytimg.com\/vi\/FKPDSiYnIR8\/maxresdefault.jpg"],"uploadDate":"2018-04-27T14:54:59+00:00","duration":"PT7M22S","embedUrl":"https:\/\/www.youtube.com\/embed\/FKPDSiYnIR8","publisher":{"@type":"Organization","@id":"https:\/\/www.youtube.com\/channel\/UCy_3yapi3nw0FLbfOtxQk1Q#Organization","url":"https:\/\/www.youtube.com\/channel\/UCy_3yapi3nw0FLbfOtxQk1Q","name":"HOME IN CUBE","description":"Ahoj jsme duchem mlad\u00fd t\u00fdm, kter\u00fd p\u0159ipravuje report\u00e1\u017ee o bydlen\u00ed. A proto\u017ee u\u017e m\u00e1me leccos odbydleno, m\u016f\u017eeme si dovolit v\u00e1m poradit. Nic v\u00edc v\u00e1s toti\u017e nenau\u010d\u00ed o sv\u00e9m domov\u011b l\u00e9pe p\u0159em\u00fd\u0161let, jako bydlen\u00ed na mnoha m\u00edstech a v r\u016fzn\u00fdch typech byt\u016f a dom\u016f. \nPokud si r\u00e1di n\u011bco vyrob\u00edte, pak pr\u00e1v\u011b pro v\u00e1s tu jsou na\u0161e videa s n\u00e1pady, jak si doma n\u011bco vyrobit. Uvid\u00edte n\u00e1vod, dostanete p\u0159esn\u00e9 informace za kolik a kde koupit pou\u017eit\u00e9 materi\u00e1ly a to nejd\u016fle\u017eit\u011bj\u0161\u00ed, kolik nad t\u00edm str\u00e1v\u00edte \u010dasu.\nO bydlen\u00ed zaj\u00edm\u00e1me celosv\u011btov\u011b, p\u0159in\u00e1\u0161\u00edme i videa z mezin\u00e1rodn\u00edch veletrh\u016f, kde nat\u00e1\u010d\u00edme v\u0161e co n\u00e1m p\u0159ijde praktick\u00e9, ul\u00edtl\u00e9...zkr\u00e1tka v\u0161e o \u010dem jsme p\u0159esv\u011bd\u010deni, \u017ee byste m\u011bli vid\u011bt a zn\u00e1t.\nA proto\u017ee k bydlen\u00ed neodmysliteln\u011b pat\u0159\u00ed i p\u0159\u00edroda, m\u00e1me pro v\u00e1s zaj\u00edmav\u00e9 tipy jak si ozelenit sv\u00e9 okno a balkon nebo vyp\u011bstovat vlastn\u00ed raj\u010data.\nDotazy pi\u0161te na lenka@homeincube.cz a inspiraci nach\u00e1zejte i v na\u0161em \u010dasopise na www.homeincube.cz","logo":{"url":"https:\/\/yt3.ggpht.com\/ytc\/AIdro_n0fuw5fH63xQn9WwwXGlFuPyLW4eeYUObEY4MZtHwLNw=s800-c-k-c0x00ffffff-no-rj","width":800,"height":800,"@type":"ImageObject","@id":"https:\/\/www.youtube.com\/watch?v=FKPDSiYnIR8#VideoObject_publisher_logo_ImageObject"}},"potentialAction":{"@type":"SeekToAction","@id":"https:\/\/www.youtube.com\/watch?v=FKPDSiYnIR8#VideoObject_potentialAction","target":"https:\/\/www.youtube.com\/watch?v=FKPDSiYnIR8&t={seek_to_second_number}","startOffset-input":"required name=seek_to_second_number"},"interactionStatistic":[[{"@type":"InteractionCounter","@id":"https:\/\/www.youtube.com\/watch?v=FKPDSiYnIR8#VideoObject_interactionStatistic_WatchAction","interactionType":{"@type":"WatchAction"},"userInteractionCount":27174}],{"@type":"InteractionCounter","@id":"https:\/\/www.youtube.com\/watch?v=FKPDSiYnIR8#VideoObject_interactionStatistic_LikeAction","interactionType":{"@type":"LikeAction"},"userInteractionCount":163}]},"about":["Byt"],"wordCount":422,"articleBody":"         Vn\u00edm\u00e1n\u00ed barev je velmi individu\u00e1ln\u00ed. Ka\u017ed\u00fd z n\u00e1s to m\u00e1 trochu jinak, ale existuj\u00ed obecn\u00e9 vlastnosti, kter\u00e9 maj\u00ed a pocity, kter\u00e9 vyvol\u00e1vaj\u00ed. N\u011bkter\u00e9 budou p\u0159ece jen pro v\u00e1\u0161 domov lep\u0161\u00ed ne\u017e jin\u00e9. Nespol\u00e9hejte proto \u010dist\u011b na to, \u017ee se v\u00e1m konkr\u00e9tn\u00ed odst\u00edn l\u00edb\u00ed, ale pod\u00edvejte se tak\u00e9 na to, co m\u016f\u017ee ud\u011blat s va\u0161\u00ed psychikou a vztahy. Ka\u017ed\u00fd dobr\u00fd bytov\u00fd design\u00e9r s t\u011bmito vlastnostmi po\u010d\u00edt\u00e1 a jist\u011b v\u00e1m nenavrhne byt tak, abyste se v n\u011bm c\u00edtili nep\u0159\u00edjemn\u011b. Pod\u00edvejme se na z\u00e1klad.\u010cerven\u00e1Hodn\u011b lid\u00ed ji miluje a je k tomu jist\u011b d\u016fvod. I miminka vn\u00edmaj\u00ed \u010dervenou jako jednu z prvn\u00edch. P\u0159i za\u0159izov\u00e1n\u00ed bydlen\u00ed ale myslete na to, \u017ee podle odborn\u00edk\u016f zvy\u0161uje krevn\u00ed tlak a srde\u010dn\u00ed frekvenci. Vyvol\u00e1v\u00e1 podr\u00e1\u017ed\u011bnost a \u010dasto vyvol\u00e1v\u00e1 h\u00e1dky. Chcete-li doc\u00edlit klidn\u00e9 atmosf\u00e9ry, tak se j\u00ed vyhn\u011bte. Vhodn\u00e9 jsou maxim\u00e1ln\u011b men\u0161\u00ed dopl\u0148ky, ale obrovsk\u00fd \u010derven\u00fd gau\u010d nebo cel\u00e1 jedna st\u011bna nen\u00ed v\u016fbec dobr\u00fdm \u0159e\u0161en\u00edm.\u017dlut\u00e1Naopak tato tepl\u00e1 barva je spojov\u00e1na s pozitivitou, energi\u00ed a dobrou n\u00e1ladou. Dejte si ale pozor na odst\u00edn. Bude-li st\u0159\u00edzliv\u00fd, je to v po\u0159\u00e1dku. Syt\u00e1 \u017elut\u00e1 ale s sebou p\u0159in\u00e1\u0161\u00ed agresivitu. Mezi p\u0159\u00edjemn\u00fdm, jemn\u00fdm a tepl\u00fdm slun\u00ed\u010dkem a ostr\u00fdmi plameny ohn\u011b je velk\u00fd rozd\u00edl. Soust\u0159e\u010fte se proto na tlumen\u011bj\u0161\u00ed a sv\u011btlej\u0161\u00ed varianty. S nimi dod\u00e1te m\u00edstnosti radost a vesel\u00ed.https:\/\/www.youtube.com\/watch?v=FKPDSiYnIR8&amp;t=65s Zelen\u00e1P\u0159\u00edrodn\u00ed zelen\u00e1. I zde hodn\u011b z\u00e1le\u017e\u00ed na odst\u00ednu. Sv\u011btlej\u0161\u00ed t\u00f3ny se hod\u00ed v\u00edce do kuchyn\u011b, proto\u017ee n\u00e1m p\u0159ipom\u00ednaj\u00ed zeleninu. Naopak tmav\u0161\u00ed zelen\u00e1 je vhodn\u00e1 do ob\u00fdvac\u00edho pokoje nebo lo\u017enice, kde chceme m\u00edt klid. Se zelenou ale nem\u016f\u017eete nikdy ud\u011blat chybu bez ohledu na jej\u00ed t\u00f3n.Modr\u00e1Relax, klid, harmonie a pohoda. Odborn\u00edci dokonce tvrd\u00ed, \u017ee stimuluje n\u00e1\u0161 intelekt. M\u00e1te-li doma pracovnu nebo pracovn\u00ed kout, bude tam naprosto dokonal\u00e1. D\u00e1vejte si ale pozor p\u0159i kombinaci se zelenou v d\u011btsk\u00fdch pokoj\u00edch. Tam p\u016fsob\u00ed a\u017e p\u0159\u00edli\u0161 uklid\u0148uj\u00edc\u00edm dojmem a d\u011bti ob\u010das zapom\u00ednaj\u00ed na sv\u00e9 povinnosti a \u00fakoly, proto\u017ee jsou a\u017e p\u0159\u00edli\u0161 utlumen\u00ed.                                                                                                                                                                                                                                                                                                                                                                                          4.6\/5 - (8 votes)        "},{"@context":"https:\/\/schema.org\/","@type":"BreadcrumbList","itemListElement":[{"@type":"ListItem","position":1,"name":"Jak barvy v interi\u00e9ru p\u016fsob\u00ed na na\u0161i psychiku","item":"https:\/\/www.oskarimax.cz\/jak-barvy-v-interieru-pusobi-na-nasi-psychiku\/#breadcrumbitem"}]}]