[{"@context":"https:\/\/schema.org\/","@type":"Article","@id":"https:\/\/www.oskarimax.cz\/cela-rada-soukromych-vecirku\/#Article","mainEntityOfPage":"https:\/\/www.oskarimax.cz\/cela-rada-soukromych-vecirku\/","headline":"Cel\u00e1 \u0159ada soukrom\u00fdch ve\u010d\u00edrk\u016f","name":"Cel\u00e1 \u0159ada soukrom\u00fdch ve\u010d\u00edrk\u016f","description":"D\u00edky p\u00e1rty stan\u016fm se uskute\u010d\u0148uje ve Va\u0161em okol\u00ed cel\u00e1 \u0159ada soukrom\u00fdch ve\u010d\u00edrk\u016f. D\u00edky tomu, \u017ee se skv\u011ble p\u0159ev\u00e1\u017e\u00ed a \u017ee se snadno skl\u00e1daj\u00ed si je toti\u017e p\u016fj\u010duj\u00ed i Va\u0161i p\u0159\u00edbuzn\u00ed a p\u0159\u00e1tel\u00e9, co\u017e ne v\u017edy kvitujete s nad\u0161en\u00edm. N\u011bkdy V\u00e1m to u\u017e trochu vad\u00ed a tak pl\u00e1nujete, \u017ee n\u011bkter\u00e9 bl\u00edzk\u00e9 obdarujete t\u00edmto praktick\u00fdm darem, kter\u00fd&#46;&#46;&#46;","datePublished":"2024-12-03","dateModified":"2024-12-03","author":{"@type":"Person","@id":"https:\/\/www.oskarimax.cz\/author\/#Person","name":"","url":"https:\/\/www.oskarimax.cz\/author\/","identifier":1,"image":{"@type":"ImageObject","@id":"https:\/\/secure.gravatar.com\/avatar\/4e6a74466e4227c12d5306875d08720cdfce3572213740db6f4a2e5e46e710ff?s=96&d=mm&r=g","url":"https:\/\/secure.gravatar.com\/avatar\/4e6a74466e4227c12d5306875d08720cdfce3572213740db6f4a2e5e46e710ff?s=96&d=mm&r=g","height":96,"width":96}},"publisher":{"@type":"Organization","name":"oskarimax.cz","logo":{"@type":"ImageObject","@id":"\/logo.png","url":"\/logo.png","width":600,"height":60}},"url":"https:\/\/www.oskarimax.cz\/cela-rada-soukromych-vecirku\/","wordCount":186,"articleBody":"D\u00edky p\u00e1rty stan\u016fm se uskute\u010d\u0148uje ve Va\u0161em okol\u00ed cel\u00e1 \u0159ada soukrom\u00fdch ve\u010d\u00edrk\u016f. D\u00edky tomu, \u017ee se skv\u011ble p\u0159ev\u00e1\u017e\u00ed a \u017ee se snadno skl\u00e1daj\u00ed si je toti\u017e p\u016fj\u010duj\u00ed i Va\u0161i p\u0159\u00edbuzn\u00ed a p\u0159\u00e1tel\u00e9, co\u017e ne v\u017edy kvitujete s nad\u0161en\u00edm. N\u011bkdy V\u00e1m to u\u017e trochu vad\u00ed a tak pl\u00e1nujete, \u017ee n\u011bkter\u00e9 bl\u00edzk\u00e9 obdarujete t\u00edmto praktick\u00fdm darem, kter\u00fd se hod\u00ed v\u0161ude tam, kde maj\u00ed zahradu. Cel\u00e1 \u0159ada z\u00e1\u017eitk\u016f D\u00edky nim m\u016f\u017eete za\u017e\u00edvat celou \u0159adu z\u00e1\u017eitk\u016f Vy i Va\u0161i bl\u00edzc\u00ed a m\u016f\u017eete pozvat opravdu velk\u00e9 mno\u017estv\u00ed lid\u00ed a nemus\u00edte se toho v\u016fbec ob\u00e1vat. Je to \u00fa\u017easn\u00e9, \u017ee se nyn\u00ed tak \u010dasto setk\u00e1v\u00e1te a n\u011bkdy je to prost\u011b jen tak, \u017ee se chcete v\u0161ichni setkat. Lid\u00e9 \u010dasto \u0159\u00edkaj\u00ed, \u017ee nen\u00ed \u010das na to se setk\u00e1vat, ale co jin\u00e9ho m\u00e1 smysl, kdy\u017e ne setk\u00e1v\u00e1n\u00ed se s bl\u00edzk\u00fdmi a milovan\u00fdmi lidmi?                                                                                                                                                                                                                                                                                                                                                                                        5\/5 - (1 vote)        "},{"@context":"https:\/\/schema.org\/","@type":"BreadcrumbList","itemListElement":[{"@type":"ListItem","position":1,"name":"Cel\u00e1 \u0159ada soukrom\u00fdch ve\u010d\u00edrk\u016f","item":"https:\/\/www.oskarimax.cz\/cela-rada-soukromych-vecirku\/#breadcrumbitem"}]}]